{"id":8142,"date":"2023-09-25T16:50:08","date_gmt":"2023-09-25T14:50:08","guid":{"rendered":"https:\/\/kodanska.jinakrajina.cz\/cs\/?p=8142"},"modified":"2023-09-25T16:51:07","modified_gmt":"2023-09-25T14:51:07","slug":"8142-2","status":"publish","type":"post","link":"https:\/\/kodanska.jinakrajina.cz\/cs\/8142-2\/","title":{"rendered":"26.9.2023"},"content":{"rendered":"<h2>Pol\u00e9vky<\/h2>\n<div>\n<h4>frankfurtsk\u00e1 s uzen\u00fdm (1,7)<\/h4>\n<p>v cen\u011b menu<\/p><\/div>\n<div>\n<h4>thajsk\u00e1 Tom yum (2,6,7,8,9) &#8211; bez lepku<\/h4>\n<p>v cen\u011b menu<\/p><\/div>\n<h2>Sal\u00e1ty<\/h2>\n<div>\n<h4>sal\u00e1t Coleslaw (3,10) &#8211; bez lepku<\/h4>\n<p>v cen\u011b menu<\/p><\/div>\n<h2>Hlavn\u00ed j\u00eddla<\/h2>\n<div>\n<h4>1. Steak z tu\u0148\u00e1ka se \u0159epn\u00fdm sal\u00e1tkem &#8211; bez lepku, 150g<\/h4>\n<p>a gratinovan\u00fdmi brambory  (3,4,7) &#8211; NEPOD\u00c1V\u00c1ME DO BOXU !!<br \/>189,- K\u010d<\/div>\n<div>\n<h4>2. Marinovan\u00fd camembert se zeleninou ratatouille &#8211; bez lepku, 100g<\/h4>\n<p>a pe\u010denou bramborou s bylinkov\u00fdm dipem (7,9)<br \/>165,- K\u010d<\/div>\n<div>\n<h4>3. \u201eKr\u016ft\u00ed na houb\u00e1ch\u201c \u2013 kr\u016ft\u00ed kostky du\u0161en\u00e9 s h\u0159\u00edbky, \u017eampiony, smetanou  a bylinkami;, 150g<\/h4>\n<p>dom\u00e1c\u00ed bramborov\u00e9 gnocchi a parmaz\u00e1n (1,7)<br \/>169,- K\u010d<\/div>\n<div>\n<h4>4. \u201eSpaghetti alla bolognese\u201c \u2013 hov\u011bz\u00ed rag\u00fa du\u0161en\u00e9 na ko\u0159enov\u00e9 zelenin\u011b a \u010derven\u00e9m v\u00ednu,, <\/h4>\n<p>\u010derstv\u00e9 vaje\u010dn\u00e9 t\u011bstoviny a parmaz\u00e1n (1,3,7,9,12)<br \/>169,- K\u010d<\/div>\n<div>\n<h4>5. Telec\u00ed gul\u00e1\u0161ek s \u010dervenou cibulkou, 150g<\/h4>\n<p>a r\u00fd\u017e\u00ed basmati (1)<br \/>189,- K\u010d<\/div>\n<div>\n<h4>6. Velk\u00fd sal\u00e1t s fil\u00edrovan\u00fdm hov\u011bz\u00edm, \u0159edkvi\u010dkami, raj\u010daty,, 150g<\/h4>\n<p>trhan\u00fdmi listy, bazalkovou z\u00e1livkou a celozrnnou bagetkou (1,3,7,11)<br \/>179,- K\u010d<\/div>\n<h2>Dezert dne<\/h2>\n<div>\n<h4>mrkvov\u00fd dort\u00edk s medov\u00fdm p\u0159elivem (1,3,7,8,13)<\/h4>\n<p>39,- K\u010d<\/div>\n","protected":false},"excerpt":{"rendered":"<p>Pol\u00e9vky frankfurtsk\u00e1 s uzen\u00fdm (1,7) v cen\u011b menu thajsk\u00e1 Tom yum (2,6,7,8,9) &#8211; bez lepku v cen\u011b menu Sal\u00e1ty sal\u00e1t Coleslaw (3,10) &#8211; bez lepku v cen\u011b menu Hlavn\u00ed j\u00eddla 1. Steak z tu\u0148\u00e1ka se \u0159epn\u00fdm sal\u00e1tkem &#8211; bez lepku, 150g a gratinovan\u00fdmi brambory (3,4,7) &#8211; NEPOD\u00c1V\u00c1ME DO BOXU !!189,- K\u010d 2. Marinovan\u00fd camembert se [&hellip;]<\/p>\n","protected":false},"author":3,"featured_media":0,"comment_status":"open","ping_status":"open","sticky":false,"template":"","format":"standard","meta":{"_acf_changed":false,"footnotes":""},"class_list":["post-8142","post","type-post","status-publish","format-standard","hentry"],"acf":[],"yoast_head":"<!-- This site is optimized with the Yoast SEO plugin v27.4 - https:\/\/yoast.com\/product\/yoast-seo-wordpress\/ -->\n<title>26.9.2023 - Jin\u00e1 Krajina<\/title>\n<meta name=\"robots\" content=\"index, follow, max-snippet:-1, max-image-preview:large, max-video-preview:-1\" \/>\n<link rel=\"canonical\" href=\"https:\/\/kodanska.jinakrajina.cz\/cs\/8142-2\/\" \/>\n<meta property=\"og:locale\" content=\"cs_CZ\" \/>\n<meta property=\"og:type\" content=\"article\" \/>\n<meta property=\"og:title\" content=\"26.9.2023 - Jin\u00e1 Krajina\" \/>\n<meta property=\"og:description\" content=\"Pol\u00e9vky frankfurtsk\u00e1 s uzen\u00fdm (1,7) v cen\u011b menu thajsk\u00e1 Tom yum (2,6,7,8,9) &#8211; bez lepku v cen\u011b menu Sal\u00e1ty sal\u00e1t Coleslaw (3,10) &#8211; bez lepku v cen\u011b menu Hlavn\u00ed j\u00eddla 1. Steak z tu\u0148\u00e1ka se \u0159epn\u00fdm sal\u00e1tkem &#8211; bez lepku, 150g a gratinovan\u00fdmi brambory (3,4,7) &#8211; NEPOD\u00c1V\u00c1ME DO BOXU !!189,- K\u010d 2. Marinovan\u00fd camembert se [&hellip;]\" \/>\n<meta property=\"og:url\" content=\"https:\/\/kodanska.jinakrajina.cz\/cs\/8142-2\/\" \/>\n<meta property=\"og:site_name\" content=\"Jin\u00e1 Krajina\" \/>\n<meta property=\"article:published_time\" content=\"2023-09-25T14:50:08+00:00\" \/>\n<meta property=\"article:modified_time\" content=\"2023-09-25T14:51:07+00:00\" \/>\n<meta name=\"author\" content=\"Tom\u00e1\u0161 Kal\u00e1b\" \/>\n<meta name=\"twitter:card\" content=\"summary_large_image\" \/>\n<meta name=\"twitter:label1\" content=\"Napsal(a)\" \/>\n\t<meta name=\"twitter:data1\" content=\"Tom\u00e1\u0161 Kal\u00e1b\" \/>\n\t<meta name=\"twitter:label2\" content=\"Odhadovan\u00e1 doba \u010dten\u00ed\" \/>\n\t<meta name=\"twitter:data2\" content=\"1 minuta\" \/>\n<script type=\"application\/ld+json\" class=\"yoast-schema-graph\">{\"@context\":\"https:\\\/\\\/schema.org\",\"@graph\":[{\"@type\":\"Article\",\"@id\":\"https:\\\/\\\/kodanska.jinakrajina.cz\\\/cs\\\/8142-2\\\/#article\",\"isPartOf\":{\"@id\":\"https:\\\/\\\/kodanska.jinakrajina.cz\\\/cs\\\/8142-2\\\/\"},\"author\":{\"name\":\"Tom\u00e1\u0161 Kal\u00e1b\",\"@id\":\"https:\\\/\\\/kodanska.jinakrajina.cz\\\/cs\\\/#\\\/schema\\\/person\\\/905794cbc505832fb1be714596cb1588\"},\"headline\":\"26.9.2023\",\"datePublished\":\"2023-09-25T14:50:08+00:00\",\"dateModified\":\"2023-09-25T14:51:07+00:00\",\"mainEntityOfPage\":{\"@id\":\"https:\\\/\\\/kodanska.jinakrajina.cz\\\/cs\\\/8142-2\\\/\"},\"wordCount\":173,\"commentCount\":0,\"inLanguage\":\"cs\"},{\"@type\":\"WebPage\",\"@id\":\"https:\\\/\\\/kodanska.jinakrajina.cz\\\/cs\\\/8142-2\\\/\",\"url\":\"https:\\\/\\\/kodanska.jinakrajina.cz\\\/cs\\\/8142-2\\\/\",\"name\":\"26.9.2023 - Jin\u00e1 Krajina\",\"isPartOf\":{\"@id\":\"https:\\\/\\\/kodanska.jinakrajina.cz\\\/cs\\\/#website\"},\"datePublished\":\"2023-09-25T14:50:08+00:00\",\"dateModified\":\"2023-09-25T14:51:07+00:00\",\"author\":{\"@id\":\"https:\\\/\\\/kodanska.jinakrajina.cz\\\/cs\\\/#\\\/schema\\\/person\\\/905794cbc505832fb1be714596cb1588\"},\"breadcrumb\":{\"@id\":\"https:\\\/\\\/kodanska.jinakrajina.cz\\\/cs\\\/8142-2\\\/#breadcrumb\"},\"inLanguage\":\"cs\",\"potentialAction\":[{\"@type\":\"ReadAction\",\"target\":[\"https:\\\/\\\/kodanska.jinakrajina.cz\\\/cs\\\/8142-2\\\/\"]}]},{\"@type\":\"BreadcrumbList\",\"@id\":\"https:\\\/\\\/kodanska.jinakrajina.cz\\\/cs\\\/8142-2\\\/#breadcrumb\",\"itemListElement\":[{\"@type\":\"ListItem\",\"position\":1,\"name\":\"Home\",\"item\":\"https:\\\/\\\/kodanska.jinakrajina.cz\\\/cs\\\/\"},{\"@type\":\"ListItem\",\"position\":2,\"name\":\"26.9.2023\"}]},{\"@type\":\"WebSite\",\"@id\":\"https:\\\/\\\/kodanska.jinakrajina.cz\\\/cs\\\/#website\",\"url\":\"https:\\\/\\\/kodanska.jinakrajina.cz\\\/cs\\\/\",\"name\":\"Jin\u00e1 Krajina\",\"description\":\"\",\"potentialAction\":[{\"@type\":\"SearchAction\",\"target\":{\"@type\":\"EntryPoint\",\"urlTemplate\":\"https:\\\/\\\/kodanska.jinakrajina.cz\\\/cs\\\/?s={search_term_string}\"},\"query-input\":{\"@type\":\"PropertyValueSpecification\",\"valueRequired\":true,\"valueName\":\"search_term_string\"}}],\"inLanguage\":\"cs\"},{\"@type\":\"Person\",\"@id\":\"https:\\\/\\\/kodanska.jinakrajina.cz\\\/cs\\\/#\\\/schema\\\/person\\\/905794cbc505832fb1be714596cb1588\",\"name\":\"Tom\u00e1\u0161 Kal\u00e1b\",\"url\":\"https:\\\/\\\/kodanska.jinakrajina.cz\\\/cs\\\/author\\\/tomaskalab\\\/\"}]}<\/script>\n<!-- \/ Yoast SEO plugin. -->","yoast_head_json":{"title":"26.9.2023 - Jin\u00e1 Krajina","robots":{"index":"index","follow":"follow","max-snippet":"max-snippet:-1","max-image-preview":"max-image-preview:large","max-video-preview":"max-video-preview:-1"},"canonical":"https:\/\/kodanska.jinakrajina.cz\/cs\/8142-2\/","og_locale":"cs_CZ","og_type":"article","og_title":"26.9.2023 - Jin\u00e1 Krajina","og_description":"Pol\u00e9vky frankfurtsk\u00e1 s uzen\u00fdm (1,7) v cen\u011b menu thajsk\u00e1 Tom yum (2,6,7,8,9) &#8211; bez lepku v cen\u011b menu Sal\u00e1ty sal\u00e1t Coleslaw (3,10) &#8211; bez lepku v cen\u011b menu Hlavn\u00ed j\u00eddla 1. Steak z tu\u0148\u00e1ka se \u0159epn\u00fdm sal\u00e1tkem &#8211; bez lepku, 150g a gratinovan\u00fdmi brambory (3,4,7) &#8211; NEPOD\u00c1V\u00c1ME DO BOXU !!189,- K\u010d 2. Marinovan\u00fd camembert se [&hellip;]","og_url":"https:\/\/kodanska.jinakrajina.cz\/cs\/8142-2\/","og_site_name":"Jin\u00e1 Krajina","article_published_time":"2023-09-25T14:50:08+00:00","article_modified_time":"2023-09-25T14:51:07+00:00","author":"Tom\u00e1\u0161 Kal\u00e1b","twitter_card":"summary_large_image","twitter_misc":{"Napsal(a)":"Tom\u00e1\u0161 Kal\u00e1b","Odhadovan\u00e1 doba \u010dten\u00ed":"1 minuta"},"schema":{"@context":"https:\/\/schema.org","@graph":[{"@type":"Article","@id":"https:\/\/kodanska.jinakrajina.cz\/cs\/8142-2\/#article","isPartOf":{"@id":"https:\/\/kodanska.jinakrajina.cz\/cs\/8142-2\/"},"author":{"name":"Tom\u00e1\u0161 Kal\u00e1b","@id":"https:\/\/kodanska.jinakrajina.cz\/cs\/#\/schema\/person\/905794cbc505832fb1be714596cb1588"},"headline":"26.9.2023","datePublished":"2023-09-25T14:50:08+00:00","dateModified":"2023-09-25T14:51:07+00:00","mainEntityOfPage":{"@id":"https:\/\/kodanska.jinakrajina.cz\/cs\/8142-2\/"},"wordCount":173,"commentCount":0,"inLanguage":"cs"},{"@type":"WebPage","@id":"https:\/\/kodanska.jinakrajina.cz\/cs\/8142-2\/","url":"https:\/\/kodanska.jinakrajina.cz\/cs\/8142-2\/","name":"26.9.2023 - Jin\u00e1 Krajina","isPartOf":{"@id":"https:\/\/kodanska.jinakrajina.cz\/cs\/#website"},"datePublished":"2023-09-25T14:50:08+00:00","dateModified":"2023-09-25T14:51:07+00:00","author":{"@id":"https:\/\/kodanska.jinakrajina.cz\/cs\/#\/schema\/person\/905794cbc505832fb1be714596cb1588"},"breadcrumb":{"@id":"https:\/\/kodanska.jinakrajina.cz\/cs\/8142-2\/#breadcrumb"},"inLanguage":"cs","potentialAction":[{"@type":"ReadAction","target":["https:\/\/kodanska.jinakrajina.cz\/cs\/8142-2\/"]}]},{"@type":"BreadcrumbList","@id":"https:\/\/kodanska.jinakrajina.cz\/cs\/8142-2\/#breadcrumb","itemListElement":[{"@type":"ListItem","position":1,"name":"Home","item":"https:\/\/kodanska.jinakrajina.cz\/cs\/"},{"@type":"ListItem","position":2,"name":"26.9.2023"}]},{"@type":"WebSite","@id":"https:\/\/kodanska.jinakrajina.cz\/cs\/#website","url":"https:\/\/kodanska.jinakrajina.cz\/cs\/","name":"Jin\u00e1 Krajina","description":"","potentialAction":[{"@type":"SearchAction","target":{"@type":"EntryPoint","urlTemplate":"https:\/\/kodanska.jinakrajina.cz\/cs\/?s={search_term_string}"},"query-input":{"@type":"PropertyValueSpecification","valueRequired":true,"valueName":"search_term_string"}}],"inLanguage":"cs"},{"@type":"Person","@id":"https:\/\/kodanska.jinakrajina.cz\/cs\/#\/schema\/person\/905794cbc505832fb1be714596cb1588","name":"Tom\u00e1\u0161 Kal\u00e1b","url":"https:\/\/kodanska.jinakrajina.cz\/cs\/author\/tomaskalab\/"}]}},"_links":{"self":[{"href":"https:\/\/kodanska.jinakrajina.cz\/cs\/wp-json\/wp\/v2\/posts\/8142","targetHints":{"allow":["GET"]}}],"collection":[{"href":"https:\/\/kodanska.jinakrajina.cz\/cs\/wp-json\/wp\/v2\/posts"}],"about":[{"href":"https:\/\/kodanska.jinakrajina.cz\/cs\/wp-json\/wp\/v2\/types\/post"}],"author":[{"embeddable":true,"href":"https:\/\/kodanska.jinakrajina.cz\/cs\/wp-json\/wp\/v2\/users\/3"}],"replies":[{"embeddable":true,"href":"https:\/\/kodanska.jinakrajina.cz\/cs\/wp-json\/wp\/v2\/comments?post=8142"}],"version-history":[{"count":8,"href":"https:\/\/kodanska.jinakrajina.cz\/cs\/wp-json\/wp\/v2\/posts\/8142\/revisions"}],"predecessor-version":[{"id":8150,"href":"https:\/\/kodanska.jinakrajina.cz\/cs\/wp-json\/wp\/v2\/posts\/8142\/revisions\/8150"}],"wp:attachment":[{"href":"https:\/\/kodanska.jinakrajina.cz\/cs\/wp-json\/wp\/v2\/media?parent=8142"}],"curies":[{"name":"wp","href":"https:\/\/api.w.org\/{rel}","templated":true}]}}