{"id":8655,"date":"2023-12-04T21:15:46","date_gmt":"2023-12-04T20:15:46","guid":{"rendered":"https:\/\/kodanska.jinakrajina.cz\/cs\/?p=8655"},"modified":"2023-12-04T21:16:07","modified_gmt":"2023-12-04T20:16:07","slug":"8655-2","status":"publish","type":"post","link":"https:\/\/kodanska.jinakrajina.cz\/cs\/8655-2\/","title":{"rendered":"5.12.2023"},"content":{"rendered":"<h2>Pol\u00e9vky<\/h2>\n<div>\n<h4>frankfurtsk\u00e1 s uzen\u00fdm (1,3,7)<\/h4>\n<p>v cen\u011b menu<\/p><\/div>\n<div>\n<h4>brokolicov\u00fd kr\u00e9m (7) &#8211; bez lepku<\/h4>\n<p>v cen\u011b menu<\/p><\/div>\n<h2>Sal\u00e1ty<\/h2>\n<div>\n<h4>okurkov\u00fd sal\u00e1tek &#8211; bez lepku<\/h4>\n<p>v cen\u011b menu<\/p><\/div>\n<h2>Hlavn\u00ed j\u00eddla<\/h2>\n<div>\n<h4>1. Kalam\u00e1ry v t\u011bst\u00ed\u010dku, bylinkov\u00e1 majon\u00e9za,, 150g<\/h4>\n<p>va\u0159en\u00e9 brambory a m\u00edchan\u00fd zeleninov\u00fd sal\u00e1tek (1,3,7,10,14)<br \/>179,- K\u010d<\/div>\n<div>\n<h4>2. \u201eTortellini con ricotta e spinaci\u201c \u2013 \u010derstv\u00e9 vaje\u010dn\u00e9 t\u011bstoviny pln\u011bn\u00e9 ricottou a \u0161pen\u00e1tem,, 250g<\/h4>\n<p>tomatov\u00e1 om\u00e1\u010dka s bazalkou, parmaz\u00e1n a rukola (1,3,7)<br \/>169,- K\u010d<\/div>\n<div>\n<h4>3. Kr\u016ft\u00ed prs\u00ed\u010dko se \u0161vestkovou om\u00e1\u010dkou &#8211; bez lepku, 150g<\/h4>\n<p>a pe\u010denou bramborou s bylinkov\u00fdm dipem (7,9,12)<br \/>175,- K\u010d<\/div>\n<div>\n<h4>4. \u201eChilli con carne\u201c \u2013 vep\u0159ov\u00e9 nudli\u010dky s fazolemi a chilli papri\u010dkami, &#8211; bez lepku, 150g<\/h4>\n<p>r\u00fd\u017ee basmati, nachos lup\u00ednky a bylinkov\u00e1 zakysan\u00e1 smetana (7,9)<br \/>169,- K\u010d<\/div>\n<div>\n<h4>5. Hov\u011bz\u00ed sv\u00ed\u010dkov\u00e1 na smetan\u011b s brusinkov\u00fdm ter\u010dem, 150g<\/h4>\n<p>a dom\u00e1c\u00edmi houskov\u00fdmi knedl\u00edky (1,3,7,9,10,11)<br \/>189,- K\u010d<\/div>\n<div>\n<h4>6. Velk\u00fd sal\u00e1t s fil\u00edrovanou vep\u0159ovou pe\u010den\u00ed, kuku\u0159ic\u00ed, raj\u010daty,, 150g<\/h4>\n<p>trhan\u00fdmi listy, pomeran\u010dovou z\u00e1livkou a fritovanou tortillou (1,7,10)<br \/>169,- K\u010d<\/div>\n<h2>Dezert dne<\/h2>\n<div>\n<h4>mrkvov\u00fd dort\u00edk s medov\u00fdm p\u0159elivem (1,3,7,8,13)<\/h4>\n<p>39,- K\u010d<\/div>\n","protected":false},"excerpt":{"rendered":"<p>Pol\u00e9vky frankfurtsk\u00e1 s uzen\u00fdm (1,3,7) v cen\u011b menu brokolicov\u00fd kr\u00e9m (7) &#8211; bez lepku v cen\u011b menu Sal\u00e1ty okurkov\u00fd sal\u00e1tek &#8211; bez lepku v cen\u011b menu Hlavn\u00ed j\u00eddla 1. Kalam\u00e1ry v t\u011bst\u00ed\u010dku, bylinkov\u00e1 majon\u00e9za,, 150g va\u0159en\u00e9 brambory a m\u00edchan\u00fd zeleninov\u00fd sal\u00e1tek (1,3,7,10,14)179,- K\u010d 2. \u201eTortellini con ricotta e spinaci\u201c \u2013 \u010derstv\u00e9 vaje\u010dn\u00e9 t\u011bstoviny pln\u011bn\u00e9 ricottou [&hellip;]<\/p>\n","protected":false},"author":3,"featured_media":0,"comment_status":"open","ping_status":"open","sticky":false,"template":"","format":"standard","meta":{"_acf_changed":false,"footnotes":""},"class_list":["post-8655","post","type-post","status-publish","format-standard","hentry"],"acf":[],"yoast_head":"<!-- This site is optimized with the Yoast SEO plugin v27.4 - https:\/\/yoast.com\/product\/yoast-seo-wordpress\/ -->\n<title>5.12.2023 - Jin\u00e1 Krajina<\/title>\n<meta name=\"robots\" content=\"index, follow, max-snippet:-1, max-image-preview:large, max-video-preview:-1\" \/>\n<link rel=\"canonical\" href=\"https:\/\/kodanska.jinakrajina.cz\/cs\/8655-2\/\" \/>\n<meta property=\"og:locale\" content=\"cs_CZ\" \/>\n<meta property=\"og:type\" content=\"article\" \/>\n<meta property=\"og:title\" content=\"5.12.2023 - Jin\u00e1 Krajina\" \/>\n<meta property=\"og:description\" content=\"Pol\u00e9vky frankfurtsk\u00e1 s uzen\u00fdm (1,3,7) v cen\u011b menu brokolicov\u00fd kr\u00e9m (7) &#8211; bez lepku v cen\u011b menu Sal\u00e1ty okurkov\u00fd sal\u00e1tek &#8211; bez lepku v cen\u011b menu Hlavn\u00ed j\u00eddla 1. Kalam\u00e1ry v t\u011bst\u00ed\u010dku, bylinkov\u00e1 majon\u00e9za,, 150g va\u0159en\u00e9 brambory a m\u00edchan\u00fd zeleninov\u00fd sal\u00e1tek (1,3,7,10,14)179,- K\u010d 2. \u201eTortellini con ricotta e spinaci\u201c \u2013 \u010derstv\u00e9 vaje\u010dn\u00e9 t\u011bstoviny pln\u011bn\u00e9 ricottou [&hellip;]\" \/>\n<meta property=\"og:url\" content=\"https:\/\/kodanska.jinakrajina.cz\/cs\/8655-2\/\" \/>\n<meta property=\"og:site_name\" content=\"Jin\u00e1 Krajina\" \/>\n<meta property=\"article:published_time\" content=\"2023-12-04T20:15:46+00:00\" \/>\n<meta property=\"article:modified_time\" content=\"2023-12-04T20:16:07+00:00\" \/>\n<meta name=\"author\" content=\"Tom\u00e1\u0161 Kal\u00e1b\" \/>\n<meta name=\"twitter:card\" content=\"summary_large_image\" \/>\n<meta name=\"twitter:label1\" content=\"Napsal(a)\" \/>\n\t<meta name=\"twitter:data1\" content=\"Tom\u00e1\u0161 Kal\u00e1b\" \/>\n\t<meta name=\"twitter:label2\" content=\"Odhadovan\u00e1 doba \u010dten\u00ed\" \/>\n\t<meta name=\"twitter:data2\" content=\"1 minuta\" \/>\n<script type=\"application\/ld+json\" class=\"yoast-schema-graph\">{\"@context\":\"https:\\\/\\\/schema.org\",\"@graph\":[{\"@type\":\"Article\",\"@id\":\"https:\\\/\\\/kodanska.jinakrajina.cz\\\/cs\\\/8655-2\\\/#article\",\"isPartOf\":{\"@id\":\"https:\\\/\\\/kodanska.jinakrajina.cz\\\/cs\\\/8655-2\\\/\"},\"author\":{\"name\":\"Tom\u00e1\u0161 Kal\u00e1b\",\"@id\":\"https:\\\/\\\/kodanska.jinakrajina.cz\\\/cs\\\/#\\\/schema\\\/person\\\/905794cbc505832fb1be714596cb1588\"},\"headline\":\"5.12.2023\",\"datePublished\":\"2023-12-04T20:15:46+00:00\",\"dateModified\":\"2023-12-04T20:16:07+00:00\",\"mainEntityOfPage\":{\"@id\":\"https:\\\/\\\/kodanska.jinakrajina.cz\\\/cs\\\/8655-2\\\/\"},\"wordCount\":185,\"commentCount\":0,\"inLanguage\":\"cs\"},{\"@type\":\"WebPage\",\"@id\":\"https:\\\/\\\/kodanska.jinakrajina.cz\\\/cs\\\/8655-2\\\/\",\"url\":\"https:\\\/\\\/kodanska.jinakrajina.cz\\\/cs\\\/8655-2\\\/\",\"name\":\"5.12.2023 - Jin\u00e1 Krajina\",\"isPartOf\":{\"@id\":\"https:\\\/\\\/kodanska.jinakrajina.cz\\\/cs\\\/#website\"},\"datePublished\":\"2023-12-04T20:15:46+00:00\",\"dateModified\":\"2023-12-04T20:16:07+00:00\",\"author\":{\"@id\":\"https:\\\/\\\/kodanska.jinakrajina.cz\\\/cs\\\/#\\\/schema\\\/person\\\/905794cbc505832fb1be714596cb1588\"},\"breadcrumb\":{\"@id\":\"https:\\\/\\\/kodanska.jinakrajina.cz\\\/cs\\\/8655-2\\\/#breadcrumb\"},\"inLanguage\":\"cs\",\"potentialAction\":[{\"@type\":\"ReadAction\",\"target\":[\"https:\\\/\\\/kodanska.jinakrajina.cz\\\/cs\\\/8655-2\\\/\"]}]},{\"@type\":\"BreadcrumbList\",\"@id\":\"https:\\\/\\\/kodanska.jinakrajina.cz\\\/cs\\\/8655-2\\\/#breadcrumb\",\"itemListElement\":[{\"@type\":\"ListItem\",\"position\":1,\"name\":\"Home\",\"item\":\"https:\\\/\\\/kodanska.jinakrajina.cz\\\/cs\\\/\"},{\"@type\":\"ListItem\",\"position\":2,\"name\":\"5.12.2023\"}]},{\"@type\":\"WebSite\",\"@id\":\"https:\\\/\\\/kodanska.jinakrajina.cz\\\/cs\\\/#website\",\"url\":\"https:\\\/\\\/kodanska.jinakrajina.cz\\\/cs\\\/\",\"name\":\"Jin\u00e1 Krajina\",\"description\":\"\",\"potentialAction\":[{\"@type\":\"SearchAction\",\"target\":{\"@type\":\"EntryPoint\",\"urlTemplate\":\"https:\\\/\\\/kodanska.jinakrajina.cz\\\/cs\\\/?s={search_term_string}\"},\"query-input\":{\"@type\":\"PropertyValueSpecification\",\"valueRequired\":true,\"valueName\":\"search_term_string\"}}],\"inLanguage\":\"cs\"},{\"@type\":\"Person\",\"@id\":\"https:\\\/\\\/kodanska.jinakrajina.cz\\\/cs\\\/#\\\/schema\\\/person\\\/905794cbc505832fb1be714596cb1588\",\"name\":\"Tom\u00e1\u0161 Kal\u00e1b\",\"url\":\"https:\\\/\\\/kodanska.jinakrajina.cz\\\/cs\\\/author\\\/tomaskalab\\\/\"}]}<\/script>\n<!-- \/ Yoast SEO plugin. -->","yoast_head_json":{"title":"5.12.2023 - Jin\u00e1 Krajina","robots":{"index":"index","follow":"follow","max-snippet":"max-snippet:-1","max-image-preview":"max-image-preview:large","max-video-preview":"max-video-preview:-1"},"canonical":"https:\/\/kodanska.jinakrajina.cz\/cs\/8655-2\/","og_locale":"cs_CZ","og_type":"article","og_title":"5.12.2023 - Jin\u00e1 Krajina","og_description":"Pol\u00e9vky frankfurtsk\u00e1 s uzen\u00fdm (1,3,7) v cen\u011b menu brokolicov\u00fd kr\u00e9m (7) &#8211; bez lepku v cen\u011b menu Sal\u00e1ty okurkov\u00fd sal\u00e1tek &#8211; bez lepku v cen\u011b menu Hlavn\u00ed j\u00eddla 1. Kalam\u00e1ry v t\u011bst\u00ed\u010dku, bylinkov\u00e1 majon\u00e9za,, 150g va\u0159en\u00e9 brambory a m\u00edchan\u00fd zeleninov\u00fd sal\u00e1tek (1,3,7,10,14)179,- K\u010d 2. \u201eTortellini con ricotta e spinaci\u201c \u2013 \u010derstv\u00e9 vaje\u010dn\u00e9 t\u011bstoviny pln\u011bn\u00e9 ricottou [&hellip;]","og_url":"https:\/\/kodanska.jinakrajina.cz\/cs\/8655-2\/","og_site_name":"Jin\u00e1 Krajina","article_published_time":"2023-12-04T20:15:46+00:00","article_modified_time":"2023-12-04T20:16:07+00:00","author":"Tom\u00e1\u0161 Kal\u00e1b","twitter_card":"summary_large_image","twitter_misc":{"Napsal(a)":"Tom\u00e1\u0161 Kal\u00e1b","Odhadovan\u00e1 doba \u010dten\u00ed":"1 minuta"},"schema":{"@context":"https:\/\/schema.org","@graph":[{"@type":"Article","@id":"https:\/\/kodanska.jinakrajina.cz\/cs\/8655-2\/#article","isPartOf":{"@id":"https:\/\/kodanska.jinakrajina.cz\/cs\/8655-2\/"},"author":{"name":"Tom\u00e1\u0161 Kal\u00e1b","@id":"https:\/\/kodanska.jinakrajina.cz\/cs\/#\/schema\/person\/905794cbc505832fb1be714596cb1588"},"headline":"5.12.2023","datePublished":"2023-12-04T20:15:46+00:00","dateModified":"2023-12-04T20:16:07+00:00","mainEntityOfPage":{"@id":"https:\/\/kodanska.jinakrajina.cz\/cs\/8655-2\/"},"wordCount":185,"commentCount":0,"inLanguage":"cs"},{"@type":"WebPage","@id":"https:\/\/kodanska.jinakrajina.cz\/cs\/8655-2\/","url":"https:\/\/kodanska.jinakrajina.cz\/cs\/8655-2\/","name":"5.12.2023 - Jin\u00e1 Krajina","isPartOf":{"@id":"https:\/\/kodanska.jinakrajina.cz\/cs\/#website"},"datePublished":"2023-12-04T20:15:46+00:00","dateModified":"2023-12-04T20:16:07+00:00","author":{"@id":"https:\/\/kodanska.jinakrajina.cz\/cs\/#\/schema\/person\/905794cbc505832fb1be714596cb1588"},"breadcrumb":{"@id":"https:\/\/kodanska.jinakrajina.cz\/cs\/8655-2\/#breadcrumb"},"inLanguage":"cs","potentialAction":[{"@type":"ReadAction","target":["https:\/\/kodanska.jinakrajina.cz\/cs\/8655-2\/"]}]},{"@type":"BreadcrumbList","@id":"https:\/\/kodanska.jinakrajina.cz\/cs\/8655-2\/#breadcrumb","itemListElement":[{"@type":"ListItem","position":1,"name":"Home","item":"https:\/\/kodanska.jinakrajina.cz\/cs\/"},{"@type":"ListItem","position":2,"name":"5.12.2023"}]},{"@type":"WebSite","@id":"https:\/\/kodanska.jinakrajina.cz\/cs\/#website","url":"https:\/\/kodanska.jinakrajina.cz\/cs\/","name":"Jin\u00e1 Krajina","description":"","potentialAction":[{"@type":"SearchAction","target":{"@type":"EntryPoint","urlTemplate":"https:\/\/kodanska.jinakrajina.cz\/cs\/?s={search_term_string}"},"query-input":{"@type":"PropertyValueSpecification","valueRequired":true,"valueName":"search_term_string"}}],"inLanguage":"cs"},{"@type":"Person","@id":"https:\/\/kodanska.jinakrajina.cz\/cs\/#\/schema\/person\/905794cbc505832fb1be714596cb1588","name":"Tom\u00e1\u0161 Kal\u00e1b","url":"https:\/\/kodanska.jinakrajina.cz\/cs\/author\/tomaskalab\/"}]}},"_links":{"self":[{"href":"https:\/\/kodanska.jinakrajina.cz\/cs\/wp-json\/wp\/v2\/posts\/8655","targetHints":{"allow":["GET"]}}],"collection":[{"href":"https:\/\/kodanska.jinakrajina.cz\/cs\/wp-json\/wp\/v2\/posts"}],"about":[{"href":"https:\/\/kodanska.jinakrajina.cz\/cs\/wp-json\/wp\/v2\/types\/post"}],"author":[{"embeddable":true,"href":"https:\/\/kodanska.jinakrajina.cz\/cs\/wp-json\/wp\/v2\/users\/3"}],"replies":[{"embeddable":true,"href":"https:\/\/kodanska.jinakrajina.cz\/cs\/wp-json\/wp\/v2\/comments?post=8655"}],"version-history":[{"count":4,"href":"https:\/\/kodanska.jinakrajina.cz\/cs\/wp-json\/wp\/v2\/posts\/8655\/revisions"}],"predecessor-version":[{"id":8659,"href":"https:\/\/kodanska.jinakrajina.cz\/cs\/wp-json\/wp\/v2\/posts\/8655\/revisions\/8659"}],"wp:attachment":[{"href":"https:\/\/kodanska.jinakrajina.cz\/cs\/wp-json\/wp\/v2\/media?parent=8655"}],"curies":[{"name":"wp","href":"https:\/\/api.w.org\/{rel}","templated":true}]}}